{"id":2883,"date":"2018-01-29T15:54:55","date_gmt":"2018-01-29T18:54:55","guid":{"rendered":"http:\/\/fmauru.org\/site\/?p=2883"},"modified":"2018-01-29T15:54:55","modified_gmt":"2018-01-29T18:54:55","slug":"celebracion-de-bodas-2018","status":"publish","type":"post","link":"https:\/\/fmauru.org\/site\/?p=2883","title":{"rendered":"CELEBRACI\u00d3N DE BODAS 2018"},"content":{"rendered":"<p>El 24 d enero en la casa \"Mar\u00eda Auxiliadora\" de Villa Col\u00f3n, la hna Cecilia Gayo realiz\u00f3 su primera profesi\u00f3n religiosa en el Instituto de las Hermanas Hijas de Mar\u00eda Auxiliadora.<\/p>\n<p>Junto a ella varias hermanas celebraron su entrega al Se\u00f1or: hnas Sarah Piaggio y Margarita Oholeguy sus 60 a\u00f1os; hnas Iris Etchechoury, Martha Franco y Beatriz Lombardo sus 50 a\u00f1os y las hnas Mar\u00eda Baffundo, Amalia Giordano y Silvia Rodr\u00edguez sus 25 a\u00f1os.<\/p>\n<p>Un encuentro muy emotivo con la presencia de hermanas, sacerdotes, familiares, amigos y salesianos,\u00a0 que acompa\u00f1aron este momento.<\/p>\n<p style=\"text-align: left;\">Algunas im\u00e1genes de ese d\u00eda...<\/p>\n<p><a title=\"Bodas 2018\" href=\"https:\/\/www.flickr.com\/photos\/comunicacionuru\/albums\/72157669001923829\" data-flickr-embed=\"true\"><img loading=\"lazy\" decoding=\"async\" class=\"aligncenter\" src=\"https:\/\/farm5.staticflickr.com\/4724\/25100358367_eeef9515e9_z.jpg\" alt=\"Bodas 2018\" width=\"640\" height=\"427\" \/><\/a><script async src=\"\/\/embedr.flickr.com\/assets\/client-code.js\" charset=\"utf-8\"><\/script><\/p>\n","protected":false},"excerpt":{"rendered":"El 24 d enero en la casa \"Mar\u00eda Auxiliadora\" de Villa Col\u00f3n, la hna Cecilia Gayo realiz\u00f3 su primera profesi\u00f3n religiosa en el Instituto de las Hermanas Hijas de Mar\u00eda Auxiliadora. Junto a ella varias hermanas celebraron su entrega al Se\u00f1or: hnas Sarah Piaggio y Margarita Oholeguy sus 60 a\u00f1os; hnas Iris Etchechoury, Martha Franco y Beatriz Lombardo sus 50 a\u00f1os y las hnas Mar\u00eda Baffundo, Amalia Giordano y Silvia Rodr\u00edguez sus 25 a\u00f1os. Un encuentro muy emotivo con la presencia de hermanas, sacerdotes, familiares, amigos y salesianos,\u00a0 que acompa\u00f1aron este momento. Algunas im\u00e1genes de ese d\u00eda...","protected":false},"author":2,"featured_media":2884,"comment_status":"open","ping_status":"closed","sticky":false,"template":"","format":"standard","meta":{"footnotes":""},"categories":[3],"tags":[93,91,66,92],"class_list":["post-2883","post","type-post","status-publish","format-standard","has-post-thumbnail","hentry","category-noticias","tag-24-de-enero","tag-bodas","tag-fma","tag-hma","cat-3-id"],"_links":{"self":[{"href":"https:\/\/fmauru.org\/site\/index.php?rest_route=\/wp\/v2\/posts\/2883","targetHints":{"allow":["GET"]}}],"collection":[{"href":"https:\/\/fmauru.org\/site\/index.php?rest_route=\/wp\/v2\/posts"}],"about":[{"href":"https:\/\/fmauru.org\/site\/index.php?rest_route=\/wp\/v2\/types\/post"}],"author":[{"embeddable":true,"href":"https:\/\/fmauru.org\/site\/index.php?rest_route=\/wp\/v2\/users\/2"}],"replies":[{"embeddable":true,"href":"https:\/\/fmauru.org\/site\/index.php?rest_route=%2Fwp%2Fv2%2Fcomments&post=2883"}],"version-history":[{"count":1,"href":"https:\/\/fmauru.org\/site\/index.php?rest_route=\/wp\/v2\/posts\/2883\/revisions"}],"predecessor-version":[{"id":2885,"href":"https:\/\/fmauru.org\/site\/index.php?rest_route=\/wp\/v2\/posts\/2883\/revisions\/2885"}],"wp:featuredmedia":[{"embeddable":true,"href":"https:\/\/fmauru.org\/site\/index.php?rest_route=\/wp\/v2\/media\/2884"}],"wp:attachment":[{"href":"https:\/\/fmauru.org\/site\/index.php?rest_route=%2Fwp%2Fv2%2Fmedia&parent=2883"}],"wp:term":[{"taxonomy":"category","embeddable":true,"href":"https:\/\/fmauru.org\/site\/index.php?rest_route=%2Fwp%2Fv2%2Fcategories&post=2883"},{"taxonomy":"post_tag","embeddable":true,"href":"https:\/\/fmauru.org\/site\/index.php?rest_route=%2Fwp%2Fv2%2Ftags&post=2883"}],"curies":[{"name":"wp","href":"https:\/\/api.w.org\/{rel}","templated":true}]}}