{"id":2828,"date":"2017-12-02T18:50:06","date_gmt":"2017-12-02T21:50:06","guid":{"rendered":"http:\/\/fmauru.org\/site\/?p=2828"},"modified":"2017-12-02T19:00:05","modified_gmt":"2017-12-02T22:00:05","slug":"adviento-2017","status":"publish","type":"post","link":"https:\/\/fmauru.org\/site\/?p=2828","title":{"rendered":"ADVIENTO 2017"},"content":{"rendered":"<p>Ya estamos en camino; comenz\u00f3 el adviento y es bueno recordar y ayudar a otros a comprender su significado, los elementos m\u00e1s importantes, signos, m\u00fasica, colores que predominan, formas de celebrar, oraciones...<\/p>\n<p>Estas propuestas han sido elaboradas y compartidas en diversas p\u00e1ginas web; todos podemos acceder a ellas y hacerlas llegar a otros y juntos continuar en este camino preparando la Bienvenida de Jesus!!!<\/p>\n<p><a href=\"https:\/\/odresnuevos.files.wordpress.com\/2017\/11\/odresnuevos-calendario-adviento-2017-3.jpg\">Calendario de Adviento<\/a><\/p>\n<p><a href=\"http:\/\/es.catholic.net\/op\/articulos\/13352\/el-adviento.html\">Catholic Net nos propone material de formaci\u00f3n para adentrarnos en el sentido del Adviento\u00a0<\/a><\/p>\n<p><a href=\"http:\/\/www.iglesia.cl\/especiales\/navidad2017\/\">La Iglesia de Chile nos ofrece un especial para Adviento y Navidad muy nutrido<\/a><\/p>\n<p><a href=\"http:\/\/iglesiacatolica.org.uy\/wp-content\/uploads\/2012\/07\/ADVIENTO-Y-NAVIDAD-MISIONEROS.pdf\">Desde la OMP de Uruguay<\/a><\/p>\n<p><a href=\"http:\/\/www.porunmundomejor.com\/wordpress\/recursos\/adviento\/\">Reflexiones de la Palabra de cada domingo de Adviento<\/a><\/p>\n<p><a href=\"http:\/\/www.pastoralcatequeticamty.org\/index.php\/2017\/11\/15\/material-para-subsidio-de-adviento-2017\/\">Desde Monterrey (M\u00e9xico) una propuesta para vivir en familia<\/a><\/p>\n<p><a href=\"http:\/\/www.diocesisdetexcoco.org\/diocesisdetexcoco\/index.php\/noticias\/acontecer-diocesano\/1609-subsidio-de-adviento-musica-y-liturgia-2017\">Para conocer algo de m\u00fasica lit\u00fargica de este tiempo<\/a><\/p>\n<p><a href=\"http:\/\/www.cenacat.org\/sections\/display\/148\/espiritualidad-del-adviento-navidad-y-epifania\">Reflexiones varias desde Costa Rica<\/a><\/p>\n<p><a href=\"http:\/\/reflejosdeluz.es\/dinamicas-para-adviento-2017\/\">Din\u00e1micas en Reflejos de Luz<\/a><\/p>\n<p><a href=\"http:\/\/reflejosdeluz.es\/tiempos-liturgicos\/adviento\/\">Recursos varios en Reflejos de Luz<\/a><\/p>\n<p><a href=\"https:\/\/odresnuevos.es\/2017\/11\/26\/adviento-2017-fano\/\">Odres nuevos<\/a><\/p>\n<p><a href=\"https:\/\/www.aciprensa.com\/recursos\/esquema-del-adviento-2015-1750\">ACIPRENSA<\/a><\/p>\n<p>&nbsp;<\/p>\n","protected":false},"excerpt":{"rendered":"Ya estamos en camino; comenz\u00f3 el adviento y es bueno recordar y ayudar a otros a comprender su significado, los elementos m\u00e1s importantes, signos, m\u00fasica, colores que predominan, formas de celebrar, oraciones... Estas propuestas han sido elaboradas y compartidas en diversas p\u00e1ginas web; todos podemos acceder a ellas y hacerlas llegar a otros y juntos continuar en este camino preparando la Bienvenida de Jesus!!! Calendario de Adviento Catholic Net nos propone material de formaci\u00f3n para adentrarnos en el sentido del Adviento\u00a0 La Iglesia de Chile nos ofrece un especial para Adviento y Navidad muy nutrido Desde la OMP de Uruguay&nbsp;<a href=\"https:\/\/fmauru.org\/site\/?p=2828\" class=\"read-more\">Seguir leyendo<\/a>","protected":false},"author":2,"featured_media":2829,"comment_status":"open","ping_status":"closed","sticky":false,"template":"","format":"standard","meta":{"footnotes":""},"categories":[3,5],"tags":[84,86,85],"class_list":["post-2828","post","type-post","status-publish","format-standard","has-post-thumbnail","hentry","category-noticias","category-recursos","tag-adviento","tag-recursos-adviento","tag-ven-senor-jesus","cat-3-id","cat-5-id"],"_links":{"self":[{"href":"https:\/\/fmauru.org\/site\/index.php?rest_route=\/wp\/v2\/posts\/2828","targetHints":{"allow":["GET"]}}],"collection":[{"href":"https:\/\/fmauru.org\/site\/index.php?rest_route=\/wp\/v2\/posts"}],"about":[{"href":"https:\/\/fmauru.org\/site\/index.php?rest_route=\/wp\/v2\/types\/post"}],"author":[{"embeddable":true,"href":"https:\/\/fmauru.org\/site\/index.php?rest_route=\/wp\/v2\/users\/2"}],"replies":[{"embeddable":true,"href":"https:\/\/fmauru.org\/site\/index.php?rest_route=%2Fwp%2Fv2%2Fcomments&post=2828"}],"version-history":[{"count":3,"href":"https:\/\/fmauru.org\/site\/index.php?rest_route=\/wp\/v2\/posts\/2828\/revisions"}],"predecessor-version":[{"id":2834,"href":"https:\/\/fmauru.org\/site\/index.php?rest_route=\/wp\/v2\/posts\/2828\/revisions\/2834"}],"wp:featuredmedia":[{"embeddable":true,"href":"https:\/\/fmauru.org\/site\/index.php?rest_route=\/wp\/v2\/media\/2829"}],"wp:attachment":[{"href":"https:\/\/fmauru.org\/site\/index.php?rest_route=%2Fwp%2Fv2%2Fmedia&parent=2828"}],"wp:term":[{"taxonomy":"category","embeddable":true,"href":"https:\/\/fmauru.org\/site\/index.php?rest_route=%2Fwp%2Fv2%2Fcategories&post=2828"},{"taxonomy":"post_tag","embeddable":true,"href":"https:\/\/fmauru.org\/site\/index.php?rest_route=%2Fwp%2Fv2%2Ftags&post=2828"}],"curies":[{"name":"wp","href":"https:\/\/api.w.org\/{rel}","templated":true}]}}